


{"id":26743,"date":"2025-05-08T09:08:38","date_gmt":"2025-05-08T07:08:38","guid":{"rendered":"https:\/\/pbp.womczest.edu.pl\/new\/?p=26743"},"modified":"2025-05-08T09:09:01","modified_gmt":"2025-05-08T07:09:01","slug":"miedzyprzedszkolny-konkurs-plastyczny-wielkanoc-w-moich-rekach-pielegnujemy-nasze-tradycje","status":"publish","type":"post","link":"https:\/\/pbp.womczest.edu.pl\/new\/miedzyprzedszkolny-konkurs-plastyczny-wielkanoc-w-moich-rekach-pielegnujemy-nasze-tradycje\/","title":{"rendered":"Mi\u0119dzyprzedszkolny konkurs plastyczny &#8222;Wielkanoc w moich r\u0119kach &#8211; piel\u0119gnujemy nasze tradycje&#8221;"},"content":{"rendered":"<p>Miejskie Przedszkole nr 38 w Cz\u0119stochowie we wsp\u00f3\u0142pracy z Publiczn\u0105 Bibliotek\u0105 Pedagogiczn\u0105 RODN \u201eWOM\u201d w Cz\u0119stochowie zorganizowa\u0142o mi\u0119dzyprzedszkolny konkurs plastyczny <strong><em>Wielkanoc w moich r\u0119kach &#8211; piel\u0119gnujemy nasze tradycje.\u00a0<\/em><\/strong><\/p>\n<p>Konkurs mia\u0142 na celu kszta\u0142towa\u0107 wyobra\u017ani\u0119 dzieci, kultywowa\u0107 tradycje i zwyczaje zwi\u0105zane ze \u015awi\u0119tami Wielkanocnymi, rozwija\u0107 kreatywno\u015b\u0107, zdolno\u015bci i talenty.<\/p>\n<p>Przestrzenne ozdoby wielkanocne wykonane zosta\u0142y w r\u00f3\u017cnorodnych technikach plastycznych i zaprezentowane na wystawie przygotowanej przez nauczycieli bibliotekarzy w holu RODN \u201eWOM\u201d w Cz\u0119stochowie.<\/p>\n<p>W konkursie wzi\u0119\u0142o udzia\u0142 48 przedszkolak\u00f3w z cz\u0119stochowskich przedszkoli i powiatu.<\/p>\n<p>Komisja w sk\u0142adzie:<\/p>\n<p>Kinga Mucha &#8211; nauczyciel Miejskiego Przedszkola nr 38 w Cz\u0119stochowie,<\/p>\n<p>Edyta Samuel &#8211; nauczyciel Miejskiego Przedszkola nr 38 w Cz\u0119stochowie,<\/p>\n<p>Sylwia Kurcab &#8211; nauczyciel-konsultant RODN \u201eWOM\u201d w Cz\u0119stochowie,<\/p>\n<p>Izabela Bajor &#8211; nauczyciel bibliotekarz PBP RODN \u201eWOM\u201d w Cz\u0119stochowie &#8211;\u00a0 koordynator konkursu,<\/p>\n<p>Marek Czarno\u0142\u0119ski &#8211; nauczyciel bibliotekarz PBP RODN \u201eWOM\u201d w Cz\u0119stochowie<\/p>\n<p>przyzna\u0142a<br \/>\nI, II, III miejsca i dwa wyr\u00f3\u017cnienia specjalne w kategorii <em>5-6-latki<\/em> oraz<br \/>\nI, II, III miejsce i jedno wyr\u00f3\u017cnienie specjalne w kategorii <em>3-4-latki.<\/em><\/p>\n<p>Uroczyste podsumowanie konkursu odby\u0142o si\u0119 29.04.2025 r. w Regionalnym O\u015brodku Doskonalenia Nauczycieli \u201eWOM\u201d w Cz\u0119stochowie. Zgromadzonych uczestnik\u00f3w spotkania powita\u0142a dyrektor RODN \u201eWOM\u201d w Cz\u0119stochowie Pani Aneta \u017burek, wicedyrektor RODN \u201eWOM\u201d w Cz\u0119stochowie ds. bibliotek pedagogicznych Pani Renata Lipniewska oraz dyrektor Miejskiego Przedszkola nr 38 w Cz\u0119stochowie Pani Maria Fiszer. Og\u0142oszenie wynik\u00f3w uatrakcyjni\u0142 kr\u00f3tki wyst\u0119p artystyczny przedszkolak\u00f3w z MP 38 w Cz\u0119stochowie pod kierunkiem Pani Katarzyny Dudek. Wszyscy laureaci i uczestnicy otrzymali nagrody i dyplomy.<\/p>\n<p>Wi\u0119cej:<a href=\"https:\/\/38mp.czest.pl\/wiadomosci\/uroczyste-podsumowanie-konkursu-plastycznego-wielkanoc-w-moich-rekach-pielegnujemy-nasze-tradycje\/\"> https:\/\/38mp.czest.pl\/wiadomosci\/uroczyste-podsumowanie-konkursu-plastycznego-wielkanoc-w-moich-rekach-pielegnujemy-nasze-tradycje\/<\/a><\/p>\n<p style=\"text-align: right;\"><em>Izabela Bajor<\/em><\/p>\n","protected":false},"excerpt":{"rendered":"<p>Miejskie Przedszkole nr 38 w Cz\u0119stochowie we wsp\u00f3\u0142pracy z Publiczn\u0105 Bibliotek\u0105 Pedagogiczn\u0105 RODN \u201eWOM\u201d w Cz\u0119stochowie zorganizowa\u0142o mi\u0119dzyprzedszkolny konkurs plastyczny Wielkanoc w moich r\u0119kach &#8211; piel\u0119gnujemy nasze tradycje.\u00a0 Konkurs mia\u0142 na celu kszta\u0142towa\u0107 wyobra\u017ani\u0119 dzieci, kultywowa\u0107 tradycje i zwyczaje zwi\u0105zane ze \u015awi\u0119tami Wielkanocnymi, rozwija\u0107 kreatywno\u015b\u0107, zdolno\u015bci i talenty. Przestrzenne ozdoby wielkanocne wykonane zosta\u0142y w r\u00f3\u017cnorodnych technikach plastycznych i zaprezentowane na wystawie przygotowanej przez nauczycieli bibliotekarzy w holu RODN \u201eWOM\u201d w<span class=\"ellipsis\">&hellip;<\/span><\/p>\n<div class=\"read-more\"><a href=\"https:\/\/pbp.womczest.edu.pl\/new\/miedzyprzedszkolny-konkurs-plastyczny-wielkanoc-w-moich-rekach-pielegnujemy-nasze-tradycje\/\">Czytaj wi\u0119cej &#8250;<\/a><\/div>\n<p><!-- end of .read-more --><\/p>\n","protected":false},"author":6,"featured_media":26744,"comment_status":"closed","ping_status":"closed","sticky":false,"template":"","format":"standard","meta":{"footnotes":"","jetpack_publicize_message":"","jetpack_is_tweetstorm":false,"jetpack_publicize_feature_enabled":true},"categories":[1],"tags":[],"jetpack_publicize_connections":[],"jetpack_featured_media_url":"https:\/\/pbp.womczest.edu.pl\/new\/wp-content\/uploads\/2025\/05\/easter-154491_960_720.png","jetpack_sharing_enabled":true,"jetpack_shortlink":"https:\/\/wp.me\/pgmV4H-6Xl","_links":{"self":[{"href":"https:\/\/pbp.womczest.edu.pl\/new\/wp-json\/wp\/v2\/posts\/26743"}],"collection":[{"href":"https:\/\/pbp.womczest.edu.pl\/new\/wp-json\/wp\/v2\/posts"}],"about":[{"href":"https:\/\/pbp.womczest.edu.pl\/new\/wp-json\/wp\/v2\/types\/post"}],"author":[{"embeddable":true,"href":"https:\/\/pbp.womczest.edu.pl\/new\/wp-json\/wp\/v2\/users\/6"}],"replies":[{"embeddable":true,"href":"https:\/\/pbp.womczest.edu.pl\/new\/wp-json\/wp\/v2\/comments?post=26743"}],"version-history":[{"count":1,"href":"https:\/\/pbp.womczest.edu.pl\/new\/wp-json\/wp\/v2\/posts\/26743\/revisions"}],"predecessor-version":[{"id":26745,"href":"https:\/\/pbp.womczest.edu.pl\/new\/wp-json\/wp\/v2\/posts\/26743\/revisions\/26745"}],"wp:featuredmedia":[{"embeddable":true,"href":"https:\/\/pbp.womczest.edu.pl\/new\/wp-json\/wp\/v2\/media\/26744"}],"wp:attachment":[{"href":"https:\/\/pbp.womczest.edu.pl\/new\/wp-json\/wp\/v2\/media?parent=26743"}],"wp:term":[{"taxonomy":"category","embeddable":true,"href":"https:\/\/pbp.womczest.edu.pl\/new\/wp-json\/wp\/v2\/categories?post=26743"},{"taxonomy":"post_tag","embeddable":true,"href":"https:\/\/pbp.womczest.edu.pl\/new\/wp-json\/wp\/v2\/tags?post=26743"}],"curies":[{"name":"wp","href":"https:\/\/api.w.org\/{rel}","templated":true}]}}